{"id":706,"date":"2023-12-12T20:28:20","date_gmt":"2023-12-12T20:28:20","guid":{"rendered":"http:\/\/lanzar.com.pl\/?p=706"},"modified":"2023-12-30T20:31:25","modified_gmt":"2023-12-30T20:31:25","slug":"miszel-raper-z-katowic-czarny-kon-polskiego-drillu","status":"publish","type":"post","link":"https:\/\/lanzar.com.pl\/index.php\/2023\/12\/12\/miszel-raper-z-katowic-czarny-kon-polskiego-drillu\/","title":{"rendered":"Miszel: Raper z Katowic, Czarny Ko\u0144 Polskiego Drillu"},"content":{"rendered":"<p><em>Micha\u0142 \u0141usiak, znany pod pseudonimem Miszel, to posta\u0107, kt\u00f3ra w polskim \u015bwiecie rapu zdoby\u0142a uznanie i sympati\u0119 s\u0142uchaczy. Cho\u0107 jego pseudonim mo\u017ce by\u0107 jeszcze stosunkowo nowy dla niekt\u00f3rych, jego kariera rozwija si\u0119 dynamicznie, a jego tw\u00f3rczo\u015b\u0107 zyskuje coraz szersze uznanie. Poznajmy bli\u017cej t\u0119 fascynuj\u0105c\u0105 posta\u0107 oraz zanurzmy si\u0119 w kulisy jego muzycznego \u015bwiata.<\/em><\/p>\n<h2><strong>Pocz\u0105tki Miszela: Katowice, Leicester i Brytyjskie Wp\u0142ywy<\/strong><\/h2>\n<p>Miszel, czyli Micha\u0142 \u0141usiak, urodzi\u0142 si\u0119 w 1997 roku w Katowicach, co oznacza, \u017ce w 2022 roku \u015bwi\u0119towa\u0142 swoje 25. urodziny. Jednak nie tylko Polska mia\u0142a wp\u0142yw na jego muzyczny rozw\u00f3j. Przez pewien czas mieszka\u0142 w Leicester, gdzie mia\u0142 okazj\u0119 zanurzy\u0107 si\u0119 w brytyjskie od\u0142amy rapu. Ta wielokulturowa mieszanka wp\u0142yn\u0119\u0142a na unikalny styl Miszela, kt\u00f3rego teksty nie tylko brzmi\u0105 po polsku, ale r\u00f3wnie\u017c w j\u0119zyku angielskim.<\/p>\n<h2><strong>Drillowy Prekursor z QueQuality<\/strong><\/h2>\n<p>Miszel nie bez przyczyny uznawany jest za prekursora drillu w Polsce. Jego kariery nabiera tempa, wspieranej przez do\u015bwiadczenia zwi\u0105zane z pobytem za granic\u0105, zw\u0142aszcza w Wielkiej Brytanii. Czarny ko\u0144 wytw\u00f3rni QueQuality, Miszel zyskuje rozpoznawalno\u015b\u0107 zar\u00f3wno w kraju, jak i za granic\u0105.<\/p>\n<p>Jego debiutancki album, kt\u00f3ry ukaza\u0142 si\u0119 w 2021 roku, zdoby\u0142 pozytywne recenzje, a popularno\u015b\u0107 artysty znacz\u0105co wzros\u0142a. Miszel, b\u0119d\u0105c cz\u0142onkiem polskiego \u015brodowiska muzycznego, zdoby\u0142 tak\u017ce uznanie za granic\u0105, zw\u0142aszcza po emisji klipu do utworu &#8222;God Save the Queen&#8221; w Wielkiej Brytanii.<\/p>\n<h2><strong>Dres i Kabe: Rozg\u0142os i Wsp\u00f3\u0142praca Artystyczna<\/strong><\/h2>\n<p>Jednym z prze\u0142omowych moment\u00f3w w karierze Miszela by\u0142 utw\u00f3r &#8222;Dres,&#8221; nagrany wsp\u00f3lnie z raperem Kabe. Ten singiel przyni\u00f3s\u0142 mu ogromny rozg\u0142os, nie tylko w Polsce, ale tak\u017ce za granic\u0105. Miszel zdoby\u0142 uznanie, a jego tw\u00f3rczo\u015b\u0107 zosta\u0142a dostrze\u017cona na brytyjskich ziemiach.<\/p>\n<h2><strong>Powr\u00f3t do \u015awiat\u0142a: Nowy Rozdzia\u0142 w Karierze M\u0142odego Rapera<\/strong><\/h2>\n<p>Najnowszym zapowiedzianym dzie\u0142em <a href=\"https:\/\/queshop.pl\/powrot-do-swiatla\">Miszela jest album &#8222;Powr\u00f3t do \u015awiat\u0142a&#8221;<\/a> kt\u00f3rego premiera planowana jest na luty 2024 roku. Ten album to nie tylko muzyczna podr\u00f3\u017c, ale r\u00f3wnie\u017c opowie\u015b\u0107 o dojrzewaniu i szacunku dla korzeni. Miszel obiecuje fanom spojrzenie wstecz na swoje muzyczne pocz\u0105tki, zestawiaj\u0105c nostalgia z dojrza\u0142o\u015bci\u0105. To artystyczne zaproszenie do wsp\u00f3lnego odkrywania korzeni, kt\u00f3re kszta\u0142tuj\u0105 ka\u017cdego artyst\u0119, nadaj\u0105c mu unikalny ton.<\/p>\n<p>Miszela mo\u017cna okre\u015bli\u0107 jako artyst\u0119, kt\u00f3ry nie tylko zdobywa popularno\u015b\u0107 swoim niepowtarzalnym stylem muzycznym, ale tak\u017ce eksperymentuje, rozwija si\u0119 i przekracza granice. Jego historia to pasjonuj\u0105ca podr\u00f3\u017c, kt\u00f3rej \u015bledzenie warto kontynuowa\u0107, aby zanurzy\u0107 si\u0119 w pe\u0142ni w muzycznym \u015bwiecie tego niezwyk\u0142ego rapera.<\/p>\n","protected":false},"excerpt":{"rendered":"<p>Micha\u0142 \u0141usiak, znany pod pseudonimem Miszel, to posta\u0107, kt\u00f3ra w polskim \u015bwiecie rapu zdoby\u0142a uznanie i sympati\u0119 s\u0142uchaczy. Cho\u0107 jego pseudonim mo\u017ce by\u0107 jeszcze stosunkowo nowy dla niekt\u00f3rych, jego kariera rozwija si\u0119 dynamicznie, a jego tw\u00f3rczo\u015b\u0107 zyskuje coraz szersze uznanie. Poznajmy bli\u017cej t\u0119 fascynuj\u0105c\u0105 posta\u0107 oraz zanurzmy si\u0119 w kulisy jego muzycznego \u015bwiata. Pocz\u0105tki Miszela: [&hellip;]<\/p>\n","protected":false},"author":1,"featured_media":707,"comment_status":"closed","ping_status":"closed","sticky":false,"template":"","format":"standard","meta":{"footnotes":""},"categories":[6],"tags":[],"class_list":["post-706","post","type-post","status-publish","format-standard","has-post-thumbnail","hentry","category-plyty-cd-i-lp"],"_links":{"self":[{"href":"https:\/\/lanzar.com.pl\/index.php\/wp-json\/wp\/v2\/posts\/706","targetHints":{"allow":["GET"]}}],"collection":[{"href":"https:\/\/lanzar.com.pl\/index.php\/wp-json\/wp\/v2\/posts"}],"about":[{"href":"https:\/\/lanzar.com.pl\/index.php\/wp-json\/wp\/v2\/types\/post"}],"author":[{"embeddable":true,"href":"https:\/\/lanzar.com.pl\/index.php\/wp-json\/wp\/v2\/users\/1"}],"replies":[{"embeddable":true,"href":"https:\/\/lanzar.com.pl\/index.php\/wp-json\/wp\/v2\/comments?post=706"}],"version-history":[{"count":1,"href":"https:\/\/lanzar.com.pl\/index.php\/wp-json\/wp\/v2\/posts\/706\/revisions"}],"predecessor-version":[{"id":710,"href":"https:\/\/lanzar.com.pl\/index.php\/wp-json\/wp\/v2\/posts\/706\/revisions\/710"}],"wp:featuredmedia":[{"embeddable":true,"href":"https:\/\/lanzar.com.pl\/index.php\/wp-json\/wp\/v2\/media\/707"}],"wp:attachment":[{"href":"https:\/\/lanzar.com.pl\/index.php\/wp-json\/wp\/v2\/media?parent=706"}],"wp:term":[{"taxonomy":"category","embeddable":true,"href":"https:\/\/lanzar.com.pl\/index.php\/wp-json\/wp\/v2\/categories?post=706"},{"taxonomy":"post_tag","embeddable":true,"href":"https:\/\/lanzar.com.pl\/index.php\/wp-json\/wp\/v2\/tags?post=706"}],"curies":[{"name":"wp","href":"https:\/\/api.w.org\/{rel}","templated":true}]}}